{"id":4988,"date":"2025-12-01T10:00:00","date_gmt":"2025-12-01T15:00:00","guid":{"rendered":"https:\/\/carleton.ca\/cicp-pcpob\/?p=4988"},"modified":"2025-11-11T14:37:11","modified_gmt":"2025-11-11T19:37:11","slug":"stable-sur-le-papier-tendue-dans-la-pratique","status":"publish","type":"post","link":"https:\/\/carleton.ca\/cicp-pcpob\/2025\/stable-sur-le-papier-tendue-dans-la-pratique\/","title":{"rendered":"Stable sur le papier, tendue dans la pratique : la crise de la main-d&#8217;\u0153uvre dans les organismes de bienfaisance canadiens"},"content":{"rendered":"\n<section class=\"w-screen px-6 cu-section cu-section--white ml-offset-center md:px-8 lg:px-14\">\n    <div class=\"space-y-6 cu-max-w-child-5xl  md:space-y-10 cu-prose-first-last\">\n\n            <div class=\"cu-textmedia flex flex-col lg:flex-row mx-auto gap-6 md:gap-10 my-6 md:my-12 first:mt-0 max-w-5xl\">\n        <div class=\"justify-start cu-textmedia-content cu-prose-first-last\" style=\"flex: 0 0 100%;\">\n            <header class=\"font-light prose-xl cu-pageheader md:prose-2xl cu-component-updated cu-prose-first-last\">\n                                    <h1 class=\"cu-prose-first-last font-semibold !mt-2 mb-4 md:mb-6 relative after:absolute after:h-px after:bottom-0 after:bg-cu-red after:left-px text-3xl md:text-4xl lg:text-5xl lg:leading-[3.5rem] pb-5 after:w-10 text-cu-black-700 not-prose\">\n                        Stable sur le papier, tendue dans la pratique : la crise de la main-d&#8217;\u0153uvre dans les organismes de bienfaisance canadiens\n                    <\/h1>\n                \n                                \n                            <\/header>\n\n                    <\/div>\n\n            <\/div>\n\n    <\/div>\n<\/section>\n\n\n\n<p>Le Projet Canada Perspectives des Organismes de Bienfaisance (PCPOB) m\u00e8ne des <a href=\"https:\/\/carleton.ca\/cicp-pcpob\/all-reports-en\/\" target=\"_blank\" rel=\"noreferrer noopener\">enqu\u00eates hebdomadaires<\/a> aupr\u00e8s d&#8217;organismes de bienfaisance canadiens afin de mieux comprendre les r\u00e9alit\u00e9s op\u00e9rationnelles auxquelles ils sont confront\u00e9s. L&#8217;une des tendances les plus \u00e9videntes qui se d\u00e9gage de nos donn\u00e9es pour 2024 est la suivante : les organismes de bienfaisance financi\u00e8rement stables ont tendance \u00e0 offrir de meilleures conditions de travail et des salaires plus \u00e9lev\u00e9s. Mais ce n&#8217;est qu&#8217;une partie du tableau. M\u00eame dans les meilleurs sc\u00e9narios, de nombreux organismes de bienfaisance qui jouissent d&#8217;une assise financi\u00e8re solide et n&#8217;ont pas \u00e0 se soucier de leur viabilit\u00e9 \u00e0 long terme continuent de recourir aux heures suppl\u00e9mentaires non r\u00e9mun\u00e9r\u00e9es et sont confront\u00e9s \u00e0 des probl\u00e8mes de sant\u00e9 mentale croissants chez leur personnel.<\/p>\n\n\n\n<p>Dans cette analyse, nous comparons les donn\u00e9es relatives \u00e0 la <a href=\"https:\/\/carletonu.yul1.qualtrics.com\/reports\/RC\/public\/Y2FybGV0b251LTY2NTVkNzIwZTMxZDllMDAwOGZjYzk4ZS1VUl85enhKcHR6aDB1N3ZjYTE=\" target=\"_blank\" rel=\"noreferrer noopener\">stabilit\u00e9 financi\u00e8re<\/a>, <a href=\"https:\/\/carletonu.yul1.qualtrics.com\/reports\/RC\/public\/Y2FybGV0b251LTY2NTVkNmQ3MGU3Y2IwMDAwODA0NGE3Ni1VUl85enhKcHR6aDB1N3ZjYTE=\" target=\"_blank\" rel=\"noreferrer noopener\">\u00e0 la viabilit\u00e9 \u00e0 long terme<\/a>, <a href=\"https:\/\/carletonu.yul1.qualtrics.com\/reports\/RC\/public\/Y2FybGV0b251LTY1YzVlZTg3ZWVkNDEyMDAwODgzZDM0Mi1VUl85enhKcHR6aDB1N3ZjYTE=\" target=\"_blank\" rel=\"noreferrer noopener\">aux salaires<\/a>, aux <a href=\"https:\/\/carletonu.yul1.qualtrics.com\/reports\/RC\/public\/Y2FybGV0b251LTY1YjdkNDQ1OTc4MDJhMDAwOWI0MGE4OS1VUl85enhKcHR6aDB1N3ZjYTE=\" target=\"_blank\" rel=\"noreferrer noopener\">heures suppl\u00e9mentaires<\/a> non r\u00e9mun\u00e9r\u00e9es et aux probl\u00e8mes de sant\u00e9 mentale du personnel et des b\u00e9n\u00e9voles recueillies tout au long de l&#8217;ann\u00e9e 2024.<\/p>\n\n\n\n<h4 id=\"comparaison-entre-les-organismes-caritatifs-tres-stables-et-instables\" class=\"wp-block-heading\"><strong class=\"myprefix-text-bold\">Comparaison entre les organismes caritatifs tr\u00e8s stables et instables<\/strong><\/h4>\n\n\n\n<p>Parmi les organismes caritatifs qui se d\u00e9crivent comme \u00ab tr\u00e8s stables financi\u00e8rement \u00bb, pr\u00e8s de la moiti\u00e9 (47 %) ont recours aux heures suppl\u00e9mentaires non r\u00e9mun\u00e9r\u00e9es. Les cadres sup\u00e9rieurs de ces organisations effectuent en moyenne pr\u00e8s de 24 heures suppl\u00e9mentaires non r\u00e9mun\u00e9r\u00e9es par mois, tandis que les employ\u00e9s d\u00e9butants contribuent \u00e0 plus de neuf heures non r\u00e9mun\u00e9r\u00e9es par mois. Sans surprise, plus de 60 % d&#8217;entre eux signalent une augmentation des probl\u00e8mes de sant\u00e9 mentale parmi le personnel et les b\u00e9n\u00e9voles.<\/p>\n\n\n\n<p>Le recours au travail non r\u00e9mun\u00e9r\u00e9 est encore plus marqu\u00e9 dans les organisations moins stables. Parmi les organismes de bienfaisance qui se d\u00e9crivent comme \u00ab tr\u00e8s instables financi\u00e8rement \u00bb, 72 % ont recours aux heures suppl\u00e9mentaires non r\u00e9mun\u00e9r\u00e9es. Plus pr\u00e9cis\u00e9ment, les cadres sup\u00e9rieurs effectuent en moyenne 63 heures suppl\u00e9mentaires non r\u00e9mun\u00e9r\u00e9es par mois, tandis que les employ\u00e9s d\u00e9butants en effectuent 20. Il n&#8217;est donc pas surprenant que pr\u00e8s de 89 % du personnel signale une augmentation des probl\u00e8mes de sant\u00e9 mentale.<\/p>\n\n\n\n<p>Bien que les salaires soient l\u00e9g\u00e8rement plus \u00e9lev\u00e9s dans les organisations tr\u00e8s stables financi\u00e8rement, les postes de d\u00e9butants ne rapportent en moyenne que 46 697 dollars, et ceux de cadres sup\u00e9rieurs 79 724 dollars.<a href=\"https:\/\/imaginecanada.ca\/sites\/default\/files\/people-first-a-portrait-of-canada-s-nonprofit-workforce.pdf\" target=\"_blank\" rel=\"noreferrer noopener\"> Imagine Canada<\/a> rapporte que les salaires moyens dans le secteur \u00e0 but non lucratif sont inf\u00e9rieurs de 13 % aux salaires moyens dans l&#8217;\u00e9conomie. Si l&#8217;on tient compte du nombre d&#8217;heures suppl\u00e9mentaires non r\u00e9mun\u00e9r\u00e9es, bon nombre de ces salaires sont bas\u00e9s sur plus que le temps plein stipul\u00e9 dans les codes du travail provinciaux.<\/p>\n\n\n\n<p><strong class=\"myprefix-text-bold\">Salaires moyens \u00e0 temps plein :<\/strong><\/p>\n\n\n\n<figure class=\"wp-block-table\"><table class=\"has-fixed-layout\"><thead><tr><th><strong>Stabilit\u00e9 financi\u00e8re<\/strong><\/th><th><strong><strong>Postes de d\u00e9butants ($)<\/strong><\/strong><\/th><th><strong><strong><strong>Postes de niveau interm\u00e9diaire ($)<\/strong><\/strong><\/strong><\/th><th><strong>Executive-level positions ($)<\/strong><\/th><\/tr><\/thead><tbody><tr><td>Tr\u00e8s stable<\/td><td>46697<\/td><td>56566<\/td><td>79724<\/td><\/tr><tr><td>Stable, mais avec quelques inqui\u00e9tudes<\/td><td>42153<\/td><td>53152<\/td><td>73593<\/td><\/tr><tr><td>Neutre<\/td><td>41574<\/td><td>52610<\/td><td>68422<\/td><\/tr><tr><td>Quelque peu instable<\/td><td>42175<\/td><td>53612<\/td><td>69392<\/td><\/tr><tr><td>Tr\u00e8s instable<\/td><td>42209<\/td><td>47459<\/td><td>63413<\/td><\/tr><\/tbody><\/table><\/figure>\n\n\n\n<p><em class=\"myprefix-text-italic\">(Les r\u00e9ponses inf\u00e9rieures \u00e0 20 000 $ ont \u00e9t\u00e9 retir\u00e9es de l&#8217;analyse, car elles refl\u00e9taient probablement des postes saisonniers \u00e0 temps plein.)<\/em><\/p>\n\n\n\n<p>Le contraste entre ces salaires met en \u00e9vidence une r\u00e9alit\u00e9 pr\u00e9occupante : l&#8217;instabilit\u00e9 financi\u00e8re exacerbe la pression sur la main-d&#8217;\u0153uvre, mais la stabilit\u00e9 financi\u00e8re d&#8217;une organisation ne garantit pas des conditions de travail \u00e9quitables.<\/p>\n\n\n\n<p><strong>La durabilit\u00e9 doit inclure les personnes<\/strong><\/p>\n\n\n\n<p>Dans le secteur \u00e0 but non lucratif, la durabilit\u00e9 englobe \u00e0 la fois la stabilit\u00e9 financi\u00e8re et la capacit\u00e9 d&#8217;une organisation caritative \u00e0 remplir sa mission. Mais une durabilit\u00e9 saine inclut \u00e9galement des conditions de travail \u00e9quitables et s\u00fbres pour le personnel et les b\u00e9n\u00e9voles. Une organisation caritative qui atteint la stabilit\u00e9 financi\u00e8re en s&#8217;appuyant sur un personnel sous-pay\u00e9 et surcharg\u00e9 de travail et sur des heures suppl\u00e9mentaires non r\u00e9mun\u00e9r\u00e9es n&#8217;est pas vraiment durable. Ces organisations caritatives survivent aux d\u00e9pens de leur main-d&#8217;\u0153uvre.<\/p>\n\n\n\n<p>Comme pour les donn\u00e9es sur la stabilit\u00e9 financi\u00e8re, nos donn\u00e9es sur les pr\u00e9occupations en mati\u00e8re de durabilit\u00e9 \u00e0 long terme montrent que les organisations caritatives qui se consid\u00e8rent comme \u00ab pas pr\u00e9occup\u00e9es \u00bb ont tendance \u00e0 offrir des salaires plus \u00e9lev\u00e9s que celles qui sont \u00ab tr\u00e8s pr\u00e9occup\u00e9es \u00bb par leur stabilit\u00e9, mais les d\u00e9fis li\u00e9s \u00e0 la main-d&#8217;\u0153uvre persistent n\u00e9anmoins.<\/p>\n\n\n\n<p><strong class=\"myprefix-text-bold\">Salaires moyens \u00e0 temps plein :<\/strong><\/p>\n\n\n\n<figure class=\"wp-block-table\"><table class=\"has-fixed-layout\"><thead><tr><th><strong>Stabilit\u00e9 financi\u00e8re<\/strong><\/th><th><strong><strong>Postes de d\u00e9butants ($)<\/strong><\/strong><\/th><th><strong><strong><strong>Postes de niveau interm\u00e9diaire ($)<\/strong><\/strong><\/strong><\/th><th><strong><strong><strong><strong>Postes de cadres sup\u00e9rieurs ($)<\/strong><\/strong><\/strong><\/strong><\/th><\/tr><\/thead><tbody><tr><td>Oui, tr\u00e8s pr\u00e9occup\u00e9<\/td><td>39844<\/td><td>50539<\/td><td>65768<\/td><\/tr><tr><td>Oui, moyennement pr\u00e9occup\u00e9<\/td><td>42070<\/td><td>52223<\/td><td>69944<\/td><\/tr><tr><td>Oui, peu pr\u00e9occup\u00e9<\/td><td>43482<\/td><td>54415<\/td><td>75164<\/td><\/tr><tr><td>Non, pas pr\u00e9occup\u00e9<\/td><td>44710<\/td><td>54263<\/td><td>77570<\/td><\/tr><\/tbody><\/table><\/figure>\n\n\n\n<p><em class=\"myprefix-text-italic\">(Les r\u00e9ponses inf\u00e9rieures \u00e0 20 000 $ ont \u00e9t\u00e9 retir\u00e9es de l&#8217;analyse, car elles refl\u00e9taient probablement des postes saisonniers \u00e0 temps plein.)<\/em><\/p>\n\n\n\n<p>Parmi les organismes caritatifs qui ne se soucient pas de la stabilit\u00e9, plus de la moiti\u00e9 signalent encore des heures suppl\u00e9mentaires non r\u00e9mun\u00e9r\u00e9es pour leur personnel. Les postes de niveau d\u00e9butant fournissent en moyenne 12 heures suppl\u00e9mentaires par mois, et les postes de niveau cadre 32 heures. Pr\u00e8s de 73 % de ces organismes caritatifs ont constat\u00e9 une augmentation des probl\u00e8mes de sant\u00e9 mentale chez leur personnel et leurs b\u00e9n\u00e9voles.<\/p>\n\n\n\n<p>Nos conclusions soul\u00e8vent une question cruciale : si la stabilit\u00e9 financi\u00e8re et la confiance dans la viabilit\u00e9 \u00e0 long terme ne garantissent pas une r\u00e9mun\u00e9ration \u00e9quitable et des conditions de travail saines, quels sont les autres facteurs en jeu ?<\/p>\n\n\n\n<h4 id=\"culture-du-travail-et-mythes-sur-la-reduction-des-couts\" class=\"wp-block-heading\"><strong class=\"myprefix-text-bold\">Culture du travail et mythes sur la r\u00e9duction des co\u00fbts<\/strong><\/h4>\n\n\n\n<p>La r\u00e9ponse r\u00e9side peut-\u00eatre dans la culture m\u00eame du secteur caritatif. Il existe une croyance de longue date, souvent tacite mais profond\u00e9ment ancr\u00e9e, selon laquelle le travail dans ce secteur est une vocation plut\u00f4t qu&#8217;une carri\u00e8re. Qu&#8217;il s&#8217;agit d&#8217;un <a href=\"https:\/\/justlabour.journals.yorku.ca\/index.php\/justlabour\/article\/view\/6\" target=\"_blank\" rel=\"noreferrer noopener\">\u00ab travail d&#8217;amour \u00bb<\/a> qui doit \u00eatre motiv\u00e9 par la passion et non par la r\u00e9mun\u00e9ration. Cette mentalit\u00e9 d\u00e9pass\u00e9e et sexiste peut avoir des cons\u00e9quences n\u00e9fastes.<\/p>\n\n\n\n<p>Le discours visant \u00e0 maintenir les <a href=\"https:\/\/imaginecanada.ca\/en\/360\/recent-public-polling-offers-insights-long-held-perspectives-about-sector\" target=\"_blank\" rel=\"noreferrer noopener\">\u00ab frais g\u00e9n\u00e9raux \u00bb<\/a> \u00e0 un niveau bas a conduit \u00e0 une r\u00e9ticence \u00e0 offrir des salaires comp\u00e9titifs. Les donateurs veulent que leur argent soit directement affect\u00e9 \u00e0 \u00ab la cause \u00bb, et non aux personnes qui effectuent le travail. Mais il s&#8217;agit l\u00e0 d&#8217;une fausse dichotomie : sans les travailleurs hautement qualifi\u00e9s du secteur, il n&#8217;y aurait pas de programmes et de services caritatifs.<\/p>\n\n\n\n<h4 id=\"il-est-temps-de-changer-le-discours-pour-privilegier-le-travail-decent\" class=\"wp-block-heading\"><strong>Il est temps de changer le discours pour privil\u00e9gier le travail d\u00e9cent<\/strong><\/h4>\n\n\n\n<p>La stabilit\u00e9 et la viabilit\u00e9 financi\u00e8res devraient servir de base \u00e0 l&#8217;am\u00e9lioration, et non au simple maintien, des conditions de travail. Les organismes de bienfaisance peuvent utiliser ces donn\u00e9es pour plaider en faveur d&#8217;un financement qui soutient des salaires et des avantages sociaux d\u00e9cents et pour r\u00e9former la mani\u00e8re dont ils \u00e9tablissent leurs budgets. Les bailleurs de fonds et les donateurs doivent reconna\u00eetre qu&#8217;investir dans les personnes, c&#8217;est investir dans l&#8217;impact. Et en tant que secteur, nous devons remettre en question les normes culturelles du milieu de travail qui d\u00e9valorisent le travail et normalisent l&#8217;\u00e9puisement professionnel.<\/p>\n\n\n\n<p>Pour plus d&#8217;informations sur les politiques relatives au travail d\u00e9cent dans le secteur \u00e0 but non lucratif, consultez le site Web du R\u00e9seau des organismes sans but lucratif de l&#8217;Ontario (The Ontario Nonprofit Network) consacr\u00e9 au mouvement pour le travail d\u00e9cent (<a href=\"https:\/\/theonn.ca\/topics\/onn-projects\/decent-work\/\" target=\"_blank\" rel=\"noreferrer noopener\">Decent Work Movement<\/a>).<\/p>\n\n\n\n<p><em class=\"myprefix-text-italic\">Remarque : dans toutes les analyses comparatives ci-dessus, les r\u00e9ponses \u00ab N\/A \u00bb (non applicable) et \u00ab Je ne sais pas \u00bb ont \u00e9t\u00e9 exclues.<\/em><\/p>\n\n\n\n<section class=\"w-screen px-6 cu-section cu-section--white ml-offset-center md:px-8 lg:px-14\">\n    <div class=\"space-y-6 cu-max-w-child-5xl  md:space-y-10 cu-prose-first-last\">\n\n                            \n\n\n<header class=\"mb-6 cu-pageheader cu-component-updated md:mb-12\">\n    <h2 id=\"auteur\" class=\"cu-prose-first-last font-semibold !mt-2 mb-4 md:mb-6 relative text-2xl md:text-3xl lg:text-4xl lg:leading-[3rem] pb-4 after:w-8 after:absolute after:h-px after:bottom-0 after:bg-cu-red after:left-px\">\n        Auteur\n    <\/h2>\n\n    <\/header>\n        \n        <div class=\"cu-column cu-component not-contained mx-auto grid max-w-5xl md:grid-cols-3 gap-6 md:gap-10\">\n            \n\n    \n    <div class=\"not-prose cu-card rounded-lg @container md:max-w-xl flex flex-col gap-3 bg-white shadow-lg shadow-cu-black-100 text-center group duration-300 ease-in hover:scale-[1.02] hover:shadow-cu-black-200\">\n                    <figure class=\"px-6 pt-8 pb-2 mb-2 overflow-hidden rounded-t-lg cu-figure--round\">\n                                    <img loading=\"lazy\" decoding=\"async\"\n                src=\"https:\/\/carleton.ca\/cicp-pcpob\/wp-content\/uploads\/sites\/26\/McWhinney-Pic-scaled-aspect-ratio-200-200-1-rotated.jpg\" alt=\"\" width=\"200\" height=\"200\" \/>\n                                <\/figure>\n        \n        <header class=\"px-6 first:mt-6\">\n            <h2 class=\"text-lg font-semibold text-cu-black @sm:md:text-xl leading-6 @sm:md:leading-8\">\n                                    McWhinney, Tara\n                            <\/h2>\n        <\/header>\n\n        <div class=\"flex flex-col px-6\">\n            <ul class=\"space-y-2 text-sm text-cu-black-700 @sm:md:text-base\">\n                                    <li class=\"text-base @sm:md:text-lg italic\">\n                        Postdoctoral Fellow\n                    <\/li>\n                \n                                    <li>\n                        <strong class=\"font-semibold break-all text-cu-red-700 hover:underline\">\n                            <a href=\"mailto:taramcwhinney@cunet.carleton.ca\">\n                                Email\n                                Tara\n                            <\/a>\n                        <\/strong>\n                    <\/li>\n                \n                            <\/ul>\n        <\/div>\n\n                    <footer class=\"px-6 pt-3 mt-auto text-white md:pt-5\">\n                <a href=\"https:\/\/carleton.ca\/cicp-pcpob\/people\/tara-mcwhinney\/\" class=\"cu-button cu-button--red cu-button--small\">\n                    View Profile\n                <\/a>\n            <\/footer>\n            <\/div>\n\n\n        <\/div>\n\n        \n    <\/div>\n<\/section>\n\n\n\n<p>Vous souhaitez recevoir nos articles de blog directement dans votre bo\u00eete mail ? Inscrivez-vous \u00e0 notre newsletter en cliquant sur le lien suivant et suivez-nous sur les r\u00e9seaux sociaux pour rester inform\u00e9 des derni\u00e8res actualit\u00e9s concernant nos projets :<\/p>\n\n\n\n<ul class=\"wp-block-list\">\n<li><strong>Inscription \u00e0 la newsletter :<\/strong> <a href=\"https:\/\/confirmsubscription.com\/h\/t\/3D0A2E268835E2F4\">https:\/\/confirmsubscription.com\/h\/t\/3D0A2E268835E2F4<\/a><\/li>\n\n\n\n<li><strong>LinkedIn: <\/strong><a href=\"https:\/\/www.linkedin.com\/company\/cicp-pcpob\/\">https:\/\/www.linkedin.com\/company\/cicp-pcpob\/<\/a><\/li>\n\n\n\n<li><strong>R\u00e9seaux sociau:<\/strong> @CICP_PCPOB<\/li>\n<\/ul>\n\n\n    \n    \n\n\n                                                                                                                                                                                                                                                                                                                                                                                    \n\n\n\n<section class=\"w-screen px-6 cu-section cu-section--grey cu-section--cards ml-offset-center md:px-8 lg:px-14\" data-attributes=\"&#x7B;&quot;blockBackground&quot;&#x3A;&quot;grey&quot;,&quot;numberOfPosts&quot;&#x3A;3,&quot;blockType&quot;&#x3A;&quot;cards&quot;,&quot;contentType&quot;&#x3A;&quot;post&quot;,&quot;currentPage&quot;&#x3A;1,&quot;numberOfColumns&quot;&#x3A;3,&quot;showImages&quot;&#x3A;true,&quot;showDates&quot;&#x3A;true,&quot;showTimeToRead&quot;&#x3A;true,&quot;showExcerpts&quot;&#x3A;true,&quot;showFilter&quot;&#x3A;false,&quot;taxName&quot;&#x3A;&quot;category&quot;,&quot;moreButton&quot;&#x3A;&quot;none&quot;,&quot;categories&quot;&#x3A;&quot;76&quot;,&quot;tags&quot;&#x3A;&quot;&quot;&#x7D;\" data-page=\"2\">\n    <div class=\"space-y-6 cu-max-w-child-5xl bg-cu-black-50 max-w-screen-2xl mx-auto rounded-xl px-6 py-5 md:px-14 md:py-12 md:space-y-10 cu-prose-first-last\">\n\n                \n                \n        <div class=\"cu-loading hidden text-center mx-auto h-6 w-6 animate-spin rounded-full border-4 border-solid border-current border-r-transparent align-[-0.125em] motion-reduce:animate-[spin_1.5s_linear_infinite]\" role=\"status\">\n    <span class=\"!absolute !-m-px !h-px !w-px !overflow-hidden !whitespace-nowrap !border-0 !p-0 ![clip:rect(0,0,0,0)]\">\n        Loading&#8230;\n    <\/span>\n<\/div>\n\n                                        \n        <p class=\"cu-no-posts hidden\">\n            No\n            category\n\n            posts are available.\n        <\/p>\n\n                <div class=\"cu-column cu-component not-contained mx-auto grid max-w-5xl md:grid-cols-3 gap-6 md:gap-10\">\n                        \n                    \n\n<div class=\"not-prose cu-card rounded-lg @container md:max-w-xl flex flex-col gap-3 bg-white shadow-lg shadow-cu-black-100 group duration-300 ease-in hover:scale-[1.02] hover:shadow-cu-black-200\">\n\n            <figure class=\"mb-2 overflow-hidden rounded-t-lg\">\n            <img loading=\"lazy\" decoding=\"async\" src=\"https:\/\/carleton.ca\/cicp-pcpob\/wp-content\/uploads\/sites\/26\/2026\/02\/CICP-Blog-images-600x400.png\" alt=\"\" width=\"600\" height=\"400\" \/>\n        <\/figure>\n    \n    \n        <header class=\"flex flex-col gap-3  px-6 first:mt-6\">\n        <div class=\"flex flex-row w-full gap-1\">\n                        <time datetime=\"2026-03-18T20:00:00-04:00\" class=\"block italic text-sm text-cu-black-600\">\n        March 19, 2026\n    <\/time>\n\n                    <\/div>        \n        \n    \n    <h2 class=\"line-clamp-3 text-lg font-semibold text-cu-black @sm:md:text-xl leading-6 @sm:md:leading-8\">\n        Mesurer ce qui compte : repenser l\u2019\u00e9valuation d\u2019impact\n    <\/h2>\n\n            <\/header>\n\n\n            <div class=\"flex flex-col px-6 dark:text-white\">\n            <p class=\"text-base text-cu-black-700 dark:text-white \">\n                Dans le secteur caritatif canadien, le terme \u00ab impact \u00bb est devenu un mot \u00e0 la mode. Il est omnipr\u00e9sent dans les demandes de subventions,\n                                    &#8230;\n                            <\/p>\n        <\/div>\n    \n    <footer class=\"px-6 pt-3 mt-auto md:pt-5\">\n        <a href=\"https:\/\/carleton.ca\/cicp-pcpob\/2026\/levaluation-concerne-lapprentissage-pas-seulement-la-conformite\/\" class=\"cu-button cu-button--red cu-button--small\">\n            Read news\n            <span class=\"sr-only\">\n                post\n                Mesurer ce qui compte : repenser l\u2019\u00e9valuation d\u2019impact\n            <\/span>\n        <\/a>\n    <\/footer>\n<\/div>\n\n            \n                    \n\n<div class=\"not-prose cu-card rounded-lg @container md:max-w-xl flex flex-col gap-3 bg-white shadow-lg shadow-cu-black-100 group duration-300 ease-in hover:scale-[1.02] hover:shadow-cu-black-200\">\n\n            <figure class=\"mb-2 overflow-hidden rounded-t-lg\">\n            <img loading=\"lazy\" decoding=\"async\" src=\"https:\/\/carleton.ca\/cicp-pcpob\/wp-content\/uploads\/sites\/26\/2026\/02\/CICP-Blog-images-1-600x400.png\" alt=\"\" width=\"600\" height=\"400\" \/>\n        <\/figure>\n    \n    \n        <header class=\"flex flex-col gap-3  px-6 first:mt-6\">\n        <div class=\"flex flex-row w-full gap-1\">\n                        <time datetime=\"2026-02-11T19:00:00-05:00\" class=\"block italic text-sm text-cu-black-600\">\n        February 12, 2026\n    <\/time>\n\n                    <\/div>        \n        \n    \n    <h2 class=\"line-clamp-3 text-lg font-semibold text-cu-black @sm:md:text-xl leading-6 @sm:md:leading-8\">\n        D\u00e9finir les priorit\u00e9s, renforcer les capacit\u00e9s : comment les organismes caritatifs abordent l\u2019ann\u00e9e 2026\n    <\/h2>\n\n            <\/header>\n\n\n            <div class=\"flex flex-col px-6 dark:text-white\">\n            <p class=\"text-base text-cu-black-700 dark:text-white \">\n                L&#8217;analyse par le PCPOB de sa premi\u00e8re enqu\u00eate de 2025 a mis en \u00e9vidence un secteur caritatif pris dans les remous de l&#8217;instabilit\u00e9 \u00e9conomique, de\n                                    &#8230;\n                            <\/p>\n        <\/div>\n    \n    <footer class=\"px-6 pt-3 mt-auto md:pt-5\">\n        <a href=\"https:\/\/carleton.ca\/cicp-pcpob\/2026\/definir-les-priorites-renforcer-les-capacites-comment-les-organismes-caritatifs-abordent-lannee-2026\/\" class=\"cu-button cu-button--red cu-button--small\">\n            Read news\n            <span class=\"sr-only\">\n                post\n                D\u00e9finir les priorit\u00e9s, renforcer les capacit\u00e9s : comment les organismes caritatifs abordent l\u2019ann\u00e9e 2026\n            <\/span>\n        <\/a>\n    <\/footer>\n<\/div>\n\n            \n                    \n\n<div class=\"not-prose cu-card rounded-lg @container md:max-w-xl flex flex-col gap-3 bg-white shadow-lg shadow-cu-black-100 group duration-300 ease-in hover:scale-[1.02] hover:shadow-cu-black-200\">\n\n            <figure class=\"mb-2 overflow-hidden rounded-t-lg\">\n            <img loading=\"lazy\" decoding=\"async\" src=\"https:\/\/carleton.ca\/cicp-pcpob\/wp-content\/uploads\/sites\/26\/2025\/12\/Blog-image-3-600x400.png\" alt=\"\" width=\"600\" height=\"400\" \/>\n        <\/figure>\n    \n    \n        <header class=\"flex flex-col gap-3  px-6 first:mt-6\">\n        <div class=\"flex flex-row w-full gap-1\">\n                        <time datetime=\"2026-01-18T19:00:00-05:00\" class=\"block italic text-sm text-cu-black-600\">\n        January 19, 2026\n    <\/time>\n\n                    <\/div>        \n        \n    \n    <h2 class=\"line-clamp-3 text-lg font-semibold text-cu-black @sm:md:text-xl leading-6 @sm:md:leading-8\">\n        De la crise \u00e0 la prudence ? Suivi du chiffre d\u2019affaires\n    <\/h2>\n\n            <\/header>\n\n\n            <div class=\"flex flex-col px-6 dark:text-white\">\n            <p class=\"text-base text-cu-black-700 dark:text-white \">\n                Dans un r\u00e9cent blogue, nous avons examin\u00e9 la crise croissante des ressources humaines dans le secteur caritatif canadien, en nous appuyant sur les donn\u00e9es du\n                                    &#8230;\n                            <\/p>\n        <\/div>\n    \n    <footer class=\"px-6 pt-3 mt-auto md:pt-5\">\n        <a href=\"https:\/\/carleton.ca\/cicp-pcpob\/2026\/de-la-crise-a-la-prudence-suivi-du-chiffre-daffaires\/\" class=\"cu-button cu-button--red cu-button--small\">\n            Read news\n            <span class=\"sr-only\">\n                post\n                De la crise \u00e0 la prudence ? Suivi du chiffre d\u2019affaires\n            <\/span>\n        <\/a>\n    <\/footer>\n<\/div>\n\n                    \n        <\/div>\n        \n                                    \n    <\/div>\n<\/section>\n","protected":false},"excerpt":{"rendered":"<p>Le Projet Canada Perspectives des Organismes de Bienfaisance (PCPOB) m\u00e8ne des enqu\u00eates hebdomadaires aupr\u00e8s d&#8217;organismes de bienfaisance canadiens afin de mieux comprendre les r\u00e9alit\u00e9s op\u00e9rationnelles auxquelles ils sont confront\u00e9s. L&#8217;une des tendances les plus \u00e9videntes qui se d\u00e9gage de nos donn\u00e9es pour 2024 est la suivante : les organismes de bienfaisance financi\u00e8rement stables ont tendance [&hellip;]<\/p>\n","protected":false},"author":90,"featured_media":4985,"comment_status":"closed","ping_status":"closed","sticky":false,"template":"","format":"standard","meta":{"_acf_changed":false,"footnotes":"","_links_to":"","_links_to_target":""},"categories":[76],"tags":[],"class_list":["post-4988","post","type-post","status-publish","format-standard","has-post-thumbnail","hentry","category-blog-posts-fr"],"acf":{"cu_post_thumbnail":""},"_links":{"self":[{"href":"https:\/\/carleton.ca\/cicp-pcpob\/wp-json\/wp\/v2\/posts\/4988","targetHints":{"allow":["GET"]}}],"collection":[{"href":"https:\/\/carleton.ca\/cicp-pcpob\/wp-json\/wp\/v2\/posts"}],"about":[{"href":"https:\/\/carleton.ca\/cicp-pcpob\/wp-json\/wp\/v2\/types\/post"}],"author":[{"embeddable":true,"href":"https:\/\/carleton.ca\/cicp-pcpob\/wp-json\/wp\/v2\/users\/90"}],"replies":[{"embeddable":true,"href":"https:\/\/carleton.ca\/cicp-pcpob\/wp-json\/wp\/v2\/comments?post=4988"}],"version-history":[{"count":3,"href":"https:\/\/carleton.ca\/cicp-pcpob\/wp-json\/wp\/v2\/posts\/4988\/revisions"}],"predecessor-version":[{"id":4991,"href":"https:\/\/carleton.ca\/cicp-pcpob\/wp-json\/wp\/v2\/posts\/4988\/revisions\/4991"}],"wp:featuredmedia":[{"embeddable":true,"href":"https:\/\/carleton.ca\/cicp-pcpob\/wp-json\/wp\/v2\/media\/4985"}],"wp:attachment":[{"href":"https:\/\/carleton.ca\/cicp-pcpob\/wp-json\/wp\/v2\/media?parent=4988"}],"wp:term":[{"taxonomy":"category","embeddable":true,"href":"https:\/\/carleton.ca\/cicp-pcpob\/wp-json\/wp\/v2\/categories?post=4988"},{"taxonomy":"post_tag","embeddable":true,"href":"https:\/\/carleton.ca\/cicp-pcpob\/wp-json\/wp\/v2\/tags?post=4988"}],"curies":[{"name":"wp","href":"https:\/\/api.w.org\/{rel}","templated":true}]}}