{"id":27607,"date":"2019-10-01T14:37:30","date_gmt":"2019-10-01T18:37:30","guid":{"rendered":"https:\/\/carleton.ca\/fass\/?p=27607"},"modified":"2024-08-09T07:41:40","modified_gmt":"2024-08-09T11:41:40","slug":"le-loup-de-lafontaine","status":"publish","type":"post","link":"https:\/\/carleton.ca\/fass\/2019\/le-loup-de-lafontaine\/","title":{"rendered":"Le Loup de Lafontaine Reviews"},"content":{"rendered":"\n<section class=\"w-screen px-6 cu-section cu-section--white ml-offset-center md:px-8 lg:px-14\">\n    <div class=\"space-y-6 cu-max-w-child-5xl  md:space-y-10 cu-prose-first-last\">\n\n            <div class=\"cu-textmedia flex flex-col lg:flex-row mx-auto gap-6 md:gap-10 my-6 md:my-12 first:mt-0 max-w-5xl\">\n        <div class=\"justify-start cu-textmedia-content cu-prose-first-last\" style=\"flex: 0 0 100%;\">\n            <header class=\"font-light prose-xl cu-pageheader md:prose-2xl cu-component-updated cu-prose-first-last\">\n                                    <h1 class=\"cu-prose-first-last font-semibold !mt-2 mb-4 md:mb-6 relative after:absolute after:h-px after:bottom-0 after:bg-cu-red after:left-px text-3xl md:text-4xl lg:text-5xl lg:leading-[3.5rem] pb-5 after:w-10 text-cu-black-700 not-prose\">\n                        Le Loup de Lafontaine Reviews\n                    <\/h1>\n                \n                                \n                            <\/header>\n\n                    <\/div>\n\n            <\/div>\n\n    <\/div>\n<\/section>\n\n<h2 id=\"about-victoria\" class=\"wp-block-heading\"><img loading=\"lazy\" decoding=\"async\" class=\"alignleft size-thumbnail wp-image-27608\" src=\"https:\/\/carleton.ca\/fass\/wp-content\/uploads\/sites\/46\/image001-8-200x300.jpg\" alt=\"Victoria Pelky\" width=\"200\" height=\"300\" srcset=\"https:\/\/carleton.ca\/fass\/wp-content\/uploads\/sites\/46\/image001-8-200x300.jpg 200w, https:\/\/carleton.ca\/fass\/wp-content\/uploads\/sites\/46\/image001-8-400x600.jpg 400w, https:\/\/carleton.ca\/fass\/wp-content\/uploads\/sites\/46\/image001-8-768x1152.jpg 768w, https:\/\/carleton.ca\/fass\/wp-content\/uploads\/sites\/46\/image001-8-1024x1536.jpg 1024w, https:\/\/carleton.ca\/fass\/wp-content\/uploads\/sites\/46\/image001-8-1365x2048.jpg 1365w\" sizes=\"auto, (max-width: 200px) 100vw, 200px\" \/>About Victoria<\/h2>\n\n\n\n<p>My name is Victoria Pelky and I am starting my masters at Carleton in the program of Indigenous and Canadian Studies. &nbsp;I am originally from the small northern Ontario town of Blind River, located roughly 9 hours from Ottawa. My primary and secondary education was all done in French in a school, leaving me bilingual from a very young age. Over the last three years, I attended Trent University, where I graduated with a Bachelors of Arts with honors in French studies and history. Coming to Carleton, my academic interest lies in the questions surrounding the rights of the French Ontario people, specifically surrounding education. Self-expression and cultural identity is something that I hold close to my heart, having not only been part of the francophone minority within the province but also as part of the Metis minority. Both of these communities have had to stand up and fight for their rights within the province and the country. I believe that my background will bring a unique perspective on future projects and experiences and may inspire others who find themselves in similar situations. Within our country anything is possible.<\/p>\n\n\n\n<p>[button title=&#8221;About this project&#8221; url=&#8221;https:\/\/carleton.ca\/fass\/nac-student-performance-review-project\/&#8221; style=&#8221;red-solid&#8221; class=&#8221;left&#8221; \/]<\/p>\n\n\n\n<h2 id=\"review\" class=\"wp-block-heading\">Review<\/h2>\n\n\n\n<div class=\"wp-block-image size-full wp-image-27646\"><figure class=\"aligncenter\"><img loading=\"lazy\" decoding=\"async\" width=\"653\" height=\"367\" src=\"https:\/\/carleton.ca\/fass\/wp-content\/uploads\/sites\/46\/Screen-Shot-2019-10-01-at-2.34.28-PM.png\" alt=\"Ian Cusso\" class=\"wp-image-27646\" srcset=\"https:\/\/carleton.ca\/fass\/wp-content\/uploads\/sites\/46\/Screen-Shot-2019-10-01-at-2.34.28-PM.png 653w, https:\/\/carleton.ca\/fass\/wp-content\/uploads\/sites\/46\/Screen-Shot-2019-10-01-at-2.34.28-PM-200x112.png 200w, https:\/\/carleton.ca\/fass\/wp-content\/uploads\/sites\/46\/Screen-Shot-2019-10-01-at-2.34.28-PM-400x225.png 400w\" sizes=\"auto, (max-width: 653px) 100vw, 653px\" \/><figcaption>Ian Cusson, Photo Copyright: John Arano<\/figcaption><\/figure><\/div>\n\n\n\n<p><strong>Legend Through Song: a Review of Ian Cusson\u2019s <em>Le Loup de Lafontaine<\/em><\/strong><\/p>\n\n\n\n<p>At the premiere of <a href=\"https:\/\/nac-cna.ca\/en\/event\/21717\" target=\"_blank\" rel=\"noopener noreferrer\"><em>Le Loup de la Fontaine<\/em><\/a>, the NAC Orchestra was truly masterful. The first piece was written by <a href=\"https:\/\/nac-cna.ca\/en\/event\/artists\/21717#ian-cusson\" target=\"_blank\" rel=\"noopener noreferrer\">Ian Cusson<\/a> based on a local folk legend from his small French-M\u00e9tis town of Lafontaine, Ontario, where the composer was born and raised. The orchestra accompanies the text which tells the legend of a lone wolf entering the village and dancing with a small girl. The site caused panic to spread to the townspeople. The music moved together with such eloquence as the music danced together to tell the story. Listening to the performers was truly a moving experience.&nbsp; I found that it was as if I was submerged into a Disney film, as the music moved from one scene to the next. The added fiddling took my breath away. It was included in the classical style of the Orchestra both as a complementary element but more importantly to express the heritage of the legend and its origins.<\/p>\n\n\n\n<p>While the story of Le Loup de Lafontaine was geared to a more traditional Orchestra style, mixed with a fiddling flare, the second composition is a more modern take to classical music.<\/p>\n\n\n\n<p>The second piece performed was written and performed by Pekka Kuusisto, a Finnish violin player accompanied by the NAC orchestra. This composition contrasted the first as it held more of raw emotion, a slower tempo with more violin solos. Unlike the first, while listening to this piece you never knew what was coming next. The performance went from whistling, to a single violin to a full orchestra to drumming to the piano and back to a single violin. It was like nothing I have ever heard before. Both pieces were cleverly written and performed, keeping the audience on the edge of their seats.<\/p>\n\n\n\n<p><strong>Le chant du loup : une critique du&nbsp;<i>Loup de Lafontaine&nbsp;<\/i>par Ian Cusson<\/strong><\/p>\n\n\n\n<p>Lors de la premi\u00e8re performance de l\u2019\u0153uvre&nbsp;<i>Le Loup de la Fontaine<\/i>, l\u2019orchestre du CNA fut magnifique. La premi\u00e8re pi\u00e8ce, \u00e9crite par Ian Cusson, se base sur une l\u00e9gende folklorique de sa petite ville franco-m\u00e9tisse de Lafontaine en Ontario. L&#8217;orchestre accompagne la narration, qui raconte la l\u00e9gende d&#8217;un loup solitaire entrant dans le village et dansant avec une petite fille, provoquant ainsi la panique des habitants. La musique accompagne le r\u00e9cit avec \u00e9loquence. Il semble qu\u2019elle danse avec lui pour raconter l\u2019histoire. Alors que la musique passait d&#8217;une sc\u00e8ne \u00e0 l&#8217;autre, elle donnait la sensation d\u2019\u00eatre plong\u00e9 dans un film de Walt Disney. Le son du violon folklorique ajout\u00e9 \u00e0 l\u2019orchestre m&#8217;a coup\u00e9 le souffle. C\u2019est lui qui exprimait l&#8217;h\u00e9ritage de la l\u00e9gende et ses origines.<\/p>\n\n\n\n<p>Alors que l&#8217;histoire du&nbsp;<i>Loup de Lafontaine&nbsp;<\/i>\u00e9tait ax\u00e9e sur un style de musique d&#8217;orchestre plus classique, m\u00e9lang\u00e9 \u00e0 une touche de violon traditionnel, la deuxi\u00e8me composition fut nettement plus contemporaine.<\/p>\n\n\n\n<p>La deuxi\u00e8me pi\u00e8ce interpr\u00e9t\u00e9e a \u00e9t\u00e9 \u00e9crite et pr\u00e9sent\u00e9e par Pekka Kuusisto, un violoniste finlandais accompagn\u00e9 ce soir-l\u00e0 par l&#8217;orchestre du CNA. Cette composition contrastait avec la premi\u00e8re, car elle contenait plus d&#8217;\u00e9motion brute, un tempo plus lent et davantage de solos. Contrairement \u00e0 la premi\u00e8re, en \u00e9coutant cette pi\u00e8ce, on ne savait pas ce qui allait suivre. La performance est pass\u00e9e du sifflement d\u2019un seul violon \u00e0 un orchestre complet, puis de la batterie au piano et enfin, au chant d\u2019un seul violon pour terminer. Cela ne ressemblait \u00e0 rien de ce que j&#8217;avais entendu auparavant. Les deux pi\u00e8ces ont \u00e9t\u00e9 intelligemment \u00e9crites et interpr\u00e9t\u00e9es, gardant le public en haleine jusqu\u2019au tomber du rideau.<\/p>\n","protected":false},"excerpt":{"rendered":"<p>About Victoria My name is Victoria Pelky and I am starting my masters at Carleton in the program of Indigenous and Canadian Studies. &nbsp;I am originally from the small northern Ontario town of Blind River, located roughly 9 hours from Ottawa. My primary and secondary education was all done in French in a school, leaving [&hellip;]<\/p>\n","protected":false},"author":2,"featured_media":27646,"comment_status":"open","ping_status":"closed","sticky":false,"template":"","format":"standard","meta":{"_acf_changed":false,"footnotes":"","_links_to":"","_links_to_target":""},"categories":[448],"tags":[],"class_list":["post-27607","post","type-post","status-publish","format-standard","has-post-thumbnail","hentry","category-nac"],"acf":{"cu_post_thumbnail":false},"_links":{"self":[{"href":"https:\/\/carleton.ca\/fass\/wp-json\/wp\/v2\/posts\/27607","targetHints":{"allow":["GET"]}}],"collection":[{"href":"https:\/\/carleton.ca\/fass\/wp-json\/wp\/v2\/posts"}],"about":[{"href":"https:\/\/carleton.ca\/fass\/wp-json\/wp\/v2\/types\/post"}],"author":[{"embeddable":true,"href":"https:\/\/carleton.ca\/fass\/wp-json\/wp\/v2\/users\/2"}],"replies":[{"embeddable":true,"href":"https:\/\/carleton.ca\/fass\/wp-json\/wp\/v2\/comments?post=27607"}],"version-history":[{"count":3,"href":"https:\/\/carleton.ca\/fass\/wp-json\/wp\/v2\/posts\/27607\/revisions"}],"predecessor-version":[{"id":33951,"href":"https:\/\/carleton.ca\/fass\/wp-json\/wp\/v2\/posts\/27607\/revisions\/33951"}],"wp:featuredmedia":[{"embeddable":true,"href":"https:\/\/carleton.ca\/fass\/wp-json\/wp\/v2\/media\/27646"}],"wp:attachment":[{"href":"https:\/\/carleton.ca\/fass\/wp-json\/wp\/v2\/media?parent=27607"}],"wp:term":[{"taxonomy":"category","embeddable":true,"href":"https:\/\/carleton.ca\/fass\/wp-json\/wp\/v2\/categories?post=27607"},{"taxonomy":"post_tag","embeddable":true,"href":"https:\/\/carleton.ca\/fass\/wp-json\/wp\/v2\/tags?post=27607"}],"curies":[{"name":"wp","href":"https:\/\/api.w.org\/{rel}","templated":true}]}}