{"id":17754,"date":"2018-04-11T10:13:31","date_gmt":"2018-04-11T14:13:31","guid":{"rendered":"https:\/\/carleton.ca\/history\/?p=17754"},"modified":"2024-07-03T19:51:30","modified_gmt":"2024-07-03T23:51:30","slug":"april-17-see-daniel-mcneil-in-the-pre-show-chat-nurturing-thriving-communities","status":"publish","type":"post","link":"https:\/\/carleton.ca\/history\/2018\/april-17-see-daniel-mcneil-in-the-pre-show-chat-nurturing-thriving-communities\/","title":{"rendered":"April 17: See Daniel McNeil in the Pre-Show Chat: Nurturing Thriving Communities"},"content":{"rendered":"\n<section class=\"w-screen px-6 cu-section cu-section--white ml-offset-center md:px-8 lg:px-14\">\n    <div class=\"space-y-6 cu-max-w-child-5xl  md:space-y-10 cu-prose-first-last\">\n\n            <div class=\"cu-textmedia flex flex-col lg:flex-row mx-auto gap-6 md:gap-10 my-6 md:my-12 first:mt-0 max-w-5xl\">\n        <div class=\"justify-start cu-textmedia-content cu-prose-first-last\" style=\"flex: 0 0 100%;\">\n            <header class=\"font-light prose-xl cu-pageheader md:prose-2xl cu-component-updated cu-prose-first-last\">\n                                    <h1 class=\"cu-prose-first-last font-semibold !mt-2 mb-4 md:mb-6 relative after:absolute after:h-px after:bottom-0 after:bg-cu-red after:left-px text-3xl md:text-4xl lg:text-5xl lg:leading-[3.5rem] pb-5 after:w-10 text-cu-black-700 not-prose\">\n                        April 17: See Daniel McNeil in the Pre-Show Chat: Nurturing Thriving Communities\n                    <\/h1>\n                \n                                \n                            <\/header>\n\n                    <\/div>\n\n            <\/div>\n\n    <\/div>\n<\/section>\n\n<figure class=\"wp-block-image alignleft\"><a href=\"https:\/\/carleton.ca\/history\/wp-content\/uploads\/sites\/71\/SalCapone_updated.jpg\"><img loading=\"lazy\" decoding=\"async\" width=\"400\" height=\"518\" src=\"https:\/\/carleton.ca\/history\/wp-content\/uploads\/sites\/71\/SalCapone_updated-400x518.jpg\" alt=\"three people on state with one using a microphone\" class=\"wp-image-17755\" srcset=\"https:\/\/carleton.ca\/history\/wp-content\/uploads\/sites\/71\/SalCapone_updated-400x518.jpg 400w, https:\/\/carleton.ca\/history\/wp-content\/uploads\/sites\/71\/SalCapone_updated-160x207.jpg 160w, https:\/\/carleton.ca\/history\/wp-content\/uploads\/sites\/71\/SalCapone_updated-240x311.jpg 240w, https:\/\/carleton.ca\/history\/wp-content\/uploads\/sites\/71\/SalCapone_updated-768x994.jpg 768w, https:\/\/carleton.ca\/history\/wp-content\/uploads\/sites\/71\/SalCapone_updated-360x466.jpg 360w\" sizes=\"auto, (max-width: 400px) 100vw, 400px\" \/><\/a><\/figure>\n\n\n\n<p>NAC\u2019s English Theatre welcomes you to a Community Talking Circle featuring local artists, activists, and community members. Our guests will discuss ways in which Ottawa\u2019s diverse communities and organizations can come together in the aim of resilience and connection, and a Q&amp;A will conclude the event. The event is free and will be moderated by Sarah Waisvisz, NAC English Theatre Artist in Residence. Please join us! More information about the event is <a href=\"https:\/\/nac-cna.ca\/en\/event\/19223\">available online<\/a>.<\/p>\n\n\n\n<p>Speakers:<\/p>\n\n\n\n<ul class=\"wp-block-list\">\n<li><span class=\"artist_role\">Director of Sal Capone \/ creator of The Arrivals Project<\/span> <span class=\"artist_name\"> Diane Roberts <\/span><\/li>\n\n\n\n<li><span class=\"artist_role\">Storyteller; Odawa Native Friendship Centre<\/span> <span class=\"artist_name\"> Lesley Parlane <\/span><\/li>\n\n\n\n<li><span class=\"artist_role\">Staff Sergeant, Ottawa Police<\/span> <span class=\"artist_name\"> Dave Zackrias <\/span><\/li>\n\n\n\n<li><span class=\"artist_role\">Artist, writer, facilitator<\/span> <span class=\"artist_name\"> N\u00e8n\u00e8 Konat\u00e9 <\/span><\/li>\n\n\n\n<li><span class=\"artist_role\">Professor of History, Migration &amp; Diaspora Studies<\/span> <a href=\"https:\/\/carleton.ca\/history\/people\/daniel-mcneil\/\"><span class=\"artist_name\"> Daniel McNeil <\/span><\/a><\/li>\n\n\n\n<li><span class=\"artist_role\">Storyteller &amp; performer; 8th Generation Storytelling<\/span> <span class=\"artist_name\"> Jacqui du Toit <\/span><\/li>\n<\/ul>\n\n\n\n<div class=\"production_premiere\"><\/div>\n","protected":false},"excerpt":{"rendered":"<p>NAC\u2019s English Theatre welcomes you to a Community Talking Circle featuring local artists, activists, and community members. Our guests will discuss ways in which Ottawa\u2019s diverse communities and organizations can come together in the aim of resilience and connection, and a Q&amp;A will conclude the event. The event is free and will be moderated by [&hellip;]<\/p>\n","protected":false},"author":2,"featured_media":0,"comment_status":"closed","ping_status":"closed","sticky":false,"template":"","format":"standard","meta":{"_acf_changed":false,"footnotes":"","_links_to":"","_links_to_target":""},"categories":[56,43,1],"tags":[],"class_list":["post-17754","post","type-post","status-publish","format-standard","hentry","category-events","category-history","category-news"],"acf":{"cu_post_thumbnail":"event-lecture-2"},"_links":{"self":[{"href":"https:\/\/carleton.ca\/history\/wp-json\/wp\/v2\/posts\/17754","targetHints":{"allow":["GET"]}}],"collection":[{"href":"https:\/\/carleton.ca\/history\/wp-json\/wp\/v2\/posts"}],"about":[{"href":"https:\/\/carleton.ca\/history\/wp-json\/wp\/v2\/types\/post"}],"author":[{"embeddable":true,"href":"https:\/\/carleton.ca\/history\/wp-json\/wp\/v2\/users\/2"}],"replies":[{"embeddable":true,"href":"https:\/\/carleton.ca\/history\/wp-json\/wp\/v2\/comments?post=17754"}],"version-history":[{"count":1,"href":"https:\/\/carleton.ca\/history\/wp-json\/wp\/v2\/posts\/17754\/revisions"}],"predecessor-version":[{"id":17756,"href":"https:\/\/carleton.ca\/history\/wp-json\/wp\/v2\/posts\/17754\/revisions\/17756"}],"wp:attachment":[{"href":"https:\/\/carleton.ca\/history\/wp-json\/wp\/v2\/media?parent=17754"}],"wp:term":[{"taxonomy":"category","embeddable":true,"href":"https:\/\/carleton.ca\/history\/wp-json\/wp\/v2\/categories?post=17754"},{"taxonomy":"post_tag","embeddable":true,"href":"https:\/\/carleton.ca\/history\/wp-json\/wp\/v2\/tags?post=17754"}],"curies":[{"name":"wp","href":"https:\/\/api.w.org\/{rel}","templated":true}]}}