{"id":54032,"date":"2019-03-01T09:41:10","date_gmt":"2019-03-01T14:41:10","guid":{"rendered":"https:\/\/newsroom.carleton.ca\/?p=54032"},"modified":"2025-08-19T09:36:38","modified_gmt":"2025-08-19T13:36:38","slug":"carleton-to-co-host-stonecroft-contemporary-art-symposium","status":"publish","type":"post","link":"https:\/\/carleton.ca\/news\/2019\/carleton-to-co-host-stonecroft-contemporary-art-symposium\/","title":{"rendered":"Carleton to Co-Host Stonecroft Contemporary Art Symposium"},"content":{"rendered":"\n<section class=\"w-screen px-6 cu-section cu-section--white ml-offset-center md:px-8 lg:px-14\">\n    <div class=\"space-y-6 cu-max-w-child-5xl  md:space-y-10 cu-prose-first-last\">\n\n            <div class=\"cu-textmedia flex flex-col lg:flex-row mx-auto gap-6 md:gap-10 my-6 md:my-12 first:mt-0 max-w-5xl\">\n        <div class=\"justify-start cu-textmedia-content cu-prose-first-last\" style=\"flex: 0 0 100%;\">\n            <header class=\"font-light prose-xl cu-pageheader md:prose-2xl cu-component-updated cu-prose-first-last\">\n                                    <h1 class=\"cu-prose-first-last font-semibold !mt-2 mb-4 md:mb-6 relative after:absolute after:h-px after:bottom-0 after:bg-cu-red after:left-px text-3xl md:text-4xl lg:text-5xl lg:leading-[3.5rem] pb-5 after:w-10 text-cu-black-700 not-prose\">\n                        Carleton to Co-Host Stonecroft Contemporary Art Symposium\n                    <\/h1>\n                \n                                \n                            <\/header>\n\n                    <\/div>\n\n            <\/div>\n\n    <\/div>\n<\/section>\n\n<p><a href=\"http:\/\/www.cuag.ca\/\" target=\"_blank\" rel=\"noopener\">Carleton University Art Gallery<\/a> and Gallery of Universit\u00e9 du Qu\u00e9bec en Outaouais (GUQO) will co-host the two-day <a href=\"http:\/\/www.cuag.ca\/index.php\/exhibitions\/events\/\" target=\"_blank\" rel=\"noopener\">Stonecroft Symposium: <em>Working Together \/ Travailler ensemble<\/em><\/a><em>.<\/em> The free public event features acclaimed contemporary artists from Canada and Europe.<\/p>\n\n\n\n<p>Organized in conjunction with the exhibition <em>Re: Working Together \/ Re: Travailler ensemble<\/em>, the symposium brings together artists who make collaboration central to their work. Artists, moderators and attendees will together explore fostering successful exchanges between creators, communities and institutions, as well as how to think through diverse forms of collaboration.<\/p>\n\n\n\n<p><strong>Media are invited to attend the symposium.<\/strong><\/p>\n\n\n\n<p>&nbsp;<\/p>\n\n\n\n<p><strong>Symposium Day One<\/strong><\/p>\n\n\n\n<p><strong>When<\/strong>: Friday, Mar. 8, 2019 at 7 p.m.<br>\n<strong>Where<\/strong>: Auditorium Pavillon Lucien-Brault, 101 Saint-Jean-Bosco St., entrance door 11, Universit\u00e9 du Qu\u00e9bec en Outaouais, Gatineau<\/p>\n\n\n\n<p>The first day of the symposium will feature the keynote address <em>L\u2019art n\u2019a de sens que si partag\u00e9<\/em> (Art makes sense only if shared) by M\u00e9lanie Bouteloup, director of B\u00e9tonsalon \u2013 an experimental contemporary art centre in Paris. The presentation will be in French, with simultaneous translation available.<\/p>\n\n\n\n<p><strong>Symposium Day Two &nbsp;<\/strong><\/p>\n\n\n\n<p><strong>When<\/strong>: Saturday, Mar. 9, 2019, from 9:30 a.m. to 3:15 p.m.<br>\n<strong>Where<\/strong>: Carleton University Art Gallery, St. Patrick\u2019s Building, Carleton University, Ottawa<\/p>\n\n\n\n<p>The symposium\u2019s second day will host sessions featuring the <em>Working Together<\/em> artists, led by local catalysts who will moderate conversations. Discussions will be delivered in both English and French; there will not be simultaneous translation.<\/p>\n\n\n\n<p>Symposium artists and moderators include Genevi\u00e8ve Cloutier, Redmond Entwistle, Hannah Jickling, Mikhail Karikis, Emmanuelle L\u00e9onard, Mique Michelle, \u00c9milie Monnet, Catherine Nadon, Ahmet \u00d6\u011f\u00fct, Helen Reed, Laura Taler and Kim Waldron.<\/p>\n\n\n\n<p>The complete symposium program is <a href=\"http:\/\/www.cuag.ca\/index.php\/exhibitions\/events\/\" target=\"_blank\" rel=\"noopener\">available online<\/a>.<\/p>\n\n\n\n<p>The Stonecroft Foundation for the Arts promotes education in the visual arts and fosters the public&#8217;s appreciation of the arts.<\/p>\n\n\n\n<p>&nbsp;<\/p>\n\n\n\n<p><strong>Media Contact<br>\n<\/strong>Steven Reid<br>\nMedia Relations Officer<br>\nCarleton University<br>\n613-520-2600, ext. 8718<br>\n613-265-6613<br>\n<a href=\"mailto:Steven_Reid3@Carleton.ca\">Steven_Reid3@Carleton.ca<\/a><\/p>\n\n\n\n<p><strong>Carleton Newsroom:<\/strong>&nbsp;<a href=\"https:\/\/newsroom.carleton.ca\/\" target=\"_blank\" rel=\"noopener\">https:\/\/newsroom.carleton.ca\/<\/a><br>\n<strong>Follow us on Twitter:&nbsp;<\/strong><a href=\"http:\/\/www.twitter.com\/Cunewsroom\" target=\"_blank\" rel=\"noopener\">www.twitter.com\/Cunewsroom<\/a><br>\n<strong>Need an expert?<\/strong>&nbsp;<strong>Go to:<\/strong>&nbsp;<a href=\"http:\/\/www.carleton.ca\/newsroom\/experts\" target=\"_blank\" rel=\"noopener\">www.carleton.ca\/newsroom\/experts<\/a><\/p>\n","protected":false},"excerpt":{"rendered":"<p>Carleton University Art Gallery and Gallery of Universit\u00e9 du Qu\u00e9bec en Outaouais (GUQO) will co-host the two-day Stonecroft Symposium: Working Together \/ Travailler ensemble. The free public event features acclaimed contemporary artists from Canada and Europe. Organized in conjunction with the exhibition Re: Working Together \/ Re: Travailler ensemble, the symposium brings together artists who [&hellip;]<\/p>\n","protected":false},"author":410,"featured_media":54035,"comment_status":"open","ping_status":"closed","sticky":false,"template":"","format":"standard","meta":{"_acf_changed":false,"footnotes":"","_links_to":"","_links_to_target":""},"categories":[98],"tags":[101],"class_list":["post-54032","post","type-post","status-publish","format-standard","has-post-thumbnail","hentry","category-media-advisories","tag-art-gallery"],"acf":{"cu_post_thumbnail":false},"_links":{"self":[{"href":"https:\/\/carleton.ca\/news\/wp-json\/wp\/v2\/posts\/54032","targetHints":{"allow":["GET"]}}],"collection":[{"href":"https:\/\/carleton.ca\/news\/wp-json\/wp\/v2\/posts"}],"about":[{"href":"https:\/\/carleton.ca\/news\/wp-json\/wp\/v2\/types\/post"}],"author":[{"embeddable":true,"href":"https:\/\/carleton.ca\/news\/wp-json\/wp\/v2\/users\/410"}],"replies":[{"embeddable":true,"href":"https:\/\/carleton.ca\/news\/wp-json\/wp\/v2\/comments?post=54032"}],"version-history":[{"count":2,"href":"https:\/\/carleton.ca\/news\/wp-json\/wp\/v2\/posts\/54032\/revisions"}],"predecessor-version":[{"id":54044,"href":"https:\/\/carleton.ca\/news\/wp-json\/wp\/v2\/posts\/54032\/revisions\/54044"}],"wp:featuredmedia":[{"embeddable":true,"href":"https:\/\/carleton.ca\/news\/wp-json\/wp\/v2\/media\/54035"}],"wp:attachment":[{"href":"https:\/\/carleton.ca\/news\/wp-json\/wp\/v2\/media?parent=54032"}],"wp:term":[{"taxonomy":"category","embeddable":true,"href":"https:\/\/carleton.ca\/news\/wp-json\/wp\/v2\/categories?post=54032"},{"taxonomy":"post_tag","embeddable":true,"href":"https:\/\/carleton.ca\/news\/wp-json\/wp\/v2\/tags?post=54032"}],"curies":[{"name":"wp","href":"https:\/\/api.w.org\/{rel}","templated":true}]}}