{"id":568,"date":"2019-02-14T16:16:30","date_gmt":"2019-02-14T21:16:30","guid":{"rendered":"https:\/\/carleton.ca\/president\/?p=568"},"modified":"2024-09-24T12:39:21","modified_gmt":"2024-09-24T16:39:21","slug":"jerry-tomberlin-appointed-provost-vp-academic","status":"publish","type":"post","link":"https:\/\/carleton.ca\/president\/2019\/jerry-tomberlin-appointed-provost-vp-academic\/","title":{"rendered":"Jerry Tomberlin appointed Provost and Vice-President (Academic)"},"content":{"rendered":"\n<section class=\"w-screen px-6 cu-section cu-section--white ml-offset-center md:px-8 lg:px-14\">\n    <div class=\"space-y-6 cu-max-w-child-5xl  md:space-y-10 cu-prose-first-last\">\n\n            <div class=\"cu-textmedia flex flex-col lg:flex-row mx-auto gap-6 md:gap-10 my-6 md:my-12 first:mt-0 max-w-5xl\">\n        <div class=\"justify-start cu-textmedia-content cu-prose-first-last\" style=\"flex: 0 0 100%;\">\n            <header class=\"font-light prose-xl cu-pageheader md:prose-2xl cu-component-updated cu-prose-first-last\">\n                                    <h1 class=\"cu-prose-first-last font-semibold !mt-2 mb-4 md:mb-6 relative after:absolute after:h-px after:bottom-0 after:bg-cu-red after:left-px text-3xl md:text-4xl lg:text-5xl lg:leading-[3.5rem] pb-5 after:w-10 text-cu-black-700 not-prose\">\n                        Jerry Tomberlin appointed Provost and Vice-President (Academic)\n                    <\/h1>\n                \n                                \n                            <\/header>\n\n                    <\/div>\n\n            <\/div>\n\n    <\/div>\n<\/section>\n\n<p>Dear Colleagues,<\/p>\n\n\n\n<p>I am pleased to let you know that our Interim Provost and former Dean of the Sprott School of Business, Jerry Tomberlin, has been selected as the next Provost and Vice-President (Academic) of Carleton University.<\/p>\n\n\n\n<p>Jerry brings remarkable higher education understanding and experience to the role, in addition to vast institutional knowledge of Carleton and his exceptional human qualities. In particular, the Provost search committee emphasized his collegiality, loyalty, fairness and optimism, as well as his commitment to education and to Carleton.<\/p>\n\n\n\n<p>The mandate is for a five-year-term, renewable, and at Jerry\u2019s request it will be retroactive to his appointment as Interim Provost on July 1, 2017.<\/p>\n\n\n\n<p>Being able to count on an experienced and strategic Provost will be critical over the next few years as we complete the renewal of the Carleton\u2019s decanal team, adjust to new fiscal realities, and develop our next Strategic Integrated Plan.<\/p>\n\n\n\n<p>Jerry\u2019s skills and expertise will also serve us well as we continue to enhance experiential learning opportunities for our students, complete the work of the Carleton University Indigenous Strategic Initiatives Committee (CUISIC) and prepare for the next round of Strategic Mandate Agreements with the province.<\/p>\n\n\n\n<p>Prior to joining the Sprott School of Business as Dean in 2008, Jerry held a variety of positions in the John Molson School of Business at Concordia University in Montreal, including Dean and Associate Dean of Research and Graduate Studies, as well as External Affairs, Department Chair and Academic Director of the MBA program.<\/p>\n\n\n\n<p>He has taught internationally at the University of Southampton in England, Baruch College of the City University of New York, and l\u2019\u00c9cole Sup\u00e9rieur des Sciences \u00c9conomiques et Commerciales in France. He has also been a member of the AACSB International Board of Directors and remains active as a member of the Business Accreditation Policy Committee.<\/p>\n\n\n\n<p>He holds an MA and PhD in Statistics from Harvard, a Master of Public Health in Biostatistics from Michigan, and a BS in Mathematics from Florida State. He has published many refereed articles and conference proceedings in the fields of data analysis, statistics, survey design and the impact of academic business research.<\/p>\n\n\n\n<p>Jerry has provided consulting services to a number of major corporations and organizations, including Clairol Canada, NASA, General Motors, Royal Bank of Canada, the U.S. Office of Federal Contract Compliance Programs, Massachusetts Attorney General\u2019s Office, Statistics Canada, Bureau de la statistique du Qu\u00e9bec, and Transports Qu\u00e9bec.<\/p>\n\n\n\n<p>I would like to thank all members of the Provost search committee for their commitment to this important process, and for their professionalism, collegiality and thoughtful insights.<br>\nPlease join me in congratulating Jerry on his appointment!<\/p>\n\n\n\n<p>Sincerely,<\/p>\n\n\n\n<p>Benoit-Antoine Bacon<br>\nPresident and Vice-Chancellor<\/p>\n","protected":false},"excerpt":{"rendered":"<p>Dear Colleagues, I am pleased to let you know that our Interim Provost and former Dean of the Sprott School of Business, Jerry Tomberlin, has been selected as the next Provost and Vice-President (Academic) of Carleton University. Jerry brings remarkable higher education understanding and experience to the role, in addition to vast institutional knowledge of [&hellip;]<\/p>\n","protected":false},"author":2,"featured_media":569,"comment_status":"open","ping_status":"closed","sticky":false,"template":"","format":"standard","meta":{"_acf_changed":false,"footnotes":"","_links_to":"","_links_to_target":""},"categories":[24],"tags":[],"class_list":["post-568","post","type-post","status-publish","format-standard","has-post-thumbnail","hentry","category-messages-speeches"],"acf":{"cu_post_thumbnail":""},"_links":{"self":[{"href":"https:\/\/carleton.ca\/president\/wp-json\/wp\/v2\/posts\/568","targetHints":{"allow":["GET"]}}],"collection":[{"href":"https:\/\/carleton.ca\/president\/wp-json\/wp\/v2\/posts"}],"about":[{"href":"https:\/\/carleton.ca\/president\/wp-json\/wp\/v2\/types\/post"}],"author":[{"embeddable":true,"href":"https:\/\/carleton.ca\/president\/wp-json\/wp\/v2\/users\/2"}],"replies":[{"embeddable":true,"href":"https:\/\/carleton.ca\/president\/wp-json\/wp\/v2\/comments?post=568"}],"version-history":[{"count":2,"href":"https:\/\/carleton.ca\/president\/wp-json\/wp\/v2\/posts\/568\/revisions"}],"predecessor-version":[{"id":571,"href":"https:\/\/carleton.ca\/president\/wp-json\/wp\/v2\/posts\/568\/revisions\/571"}],"wp:featuredmedia":[{"embeddable":true,"href":"https:\/\/carleton.ca\/president\/wp-json\/wp\/v2\/media\/569"}],"wp:attachment":[{"href":"https:\/\/carleton.ca\/president\/wp-json\/wp\/v2\/media?parent=568"}],"wp:term":[{"taxonomy":"category","embeddable":true,"href":"https:\/\/carleton.ca\/president\/wp-json\/wp\/v2\/categories?post=568"},{"taxonomy":"post_tag","embeddable":true,"href":"https:\/\/carleton.ca\/president\/wp-json\/wp\/v2\/tags?post=568"}],"curies":[{"name":"wp","href":"https:\/\/api.w.org\/{rel}","templated":true}]}}